{"id":683,"date":"2018-11-21T03:30:52","date_gmt":"2018-11-21T02:30:52","guid":{"rendered":"https:\/\/www.simon-bureau.com\/blog\/?p=683"},"modified":"2024-12-17T05:37:32","modified_gmt":"2024-12-17T04:37:32","slug":"charles-pollock-un-designer-inspire","status":"publish","type":"post","link":"https:\/\/www.simon-bureau.com\/blog\/charles-pollock-un-designer-inspire\/","title":{"rendered":"Charles Pollock, un designer inspir\u00e9"},"content":{"rendered":"<p>Le fauteuil <strong><a href=\"https:\/\/www.simon-bureau.com\/p\/meubles\/occasion\/design\/pollock\/knoll\/788.html\">Pollock<\/a><\/strong> tient bien \u00e9videmment son nom \u00e0 son cr\u00e9ateur. Ce tr\u00e8s talentueux artiste am\u00e9ricain, a vite \u00e9t\u00e9 rep\u00e9r\u00e9 par une ic\u00f4ne dans le monde du mobilier moderne : George Nelson. Ses \u00e9tudes \u00e0 l\u2019institut de Pratt et ce contact, lui ont permis de connaitre le succ\u00e8s assez rapidement. <\/p>\n<p>Il finit par proposer son portfolio \u00e0 la soci\u00e9t\u00e9 <a href=\"https:\/\/www.simon-bureau.com\/attr\/48,1,30\/1.html\">KNOLL<\/a> qui l\u2019encourage\u00e2t dans ses cr\u00e9ations. De cette collaboration 2 produits ont connu une grande c\u00e9l\u00e9brit\u00e9 : <strong>le mod\u00e8le 657 et le fauteuil Pollock<\/strong>. <\/p>\n<p><figure id=\"attachment_686\" aria-describedby=\"caption-attachment-686\" style=\"width: 880px\" class=\"wp-caption aligncenter\"><a href=\"https:\/\/www.simon-bureau.com\/blog\/wp\/wp-content\/uploads\/2018\/11\/12-C_1_D5G_H___VOBLK_FZ.jpg\"><img fetchpriority=\"high\" decoding=\"async\" src=\"https:\/\/www.simon-bureau.com\/blog\/wp\/wp-content\/uploads\/2018\/11\/12-C_1_D5G_H___VOBLK_FZ.jpg\" alt=\"\" width=\"880\" height=\"880\" class=\"size-full wp-image-686\" srcset=\"https:\/\/www.simon-bureau.com\/blog\/wp\/wp-content\/uploads\/2018\/11\/12-C_1_D5G_H___VOBLK_FZ.jpg 880w, https:\/\/www.simon-bureau.com\/blog\/wp\/wp-content\/uploads\/2018\/11\/12-C_1_D5G_H___VOBLK_FZ-150x150.jpg 150w, https:\/\/www.simon-bureau.com\/blog\/wp\/wp-content\/uploads\/2018\/11\/12-C_1_D5G_H___VOBLK_FZ-300x300.jpg 300w, https:\/\/www.simon-bureau.com\/blog\/wp\/wp-content\/uploads\/2018\/11\/12-C_1_D5G_H___VOBLK_FZ-768x768.jpg 768w\" sizes=\"(max-width: 880px) 100vw, 880px\" \/><\/a><figcaption id=\"caption-attachment-686\" class=\"wp-caption-text\">Chaise Pollock<\/figcaption><\/figure><br \/>\n<!--more--><\/p>\n<p>Le fauteuil pivotant Pollock <strong>KNOLL<\/strong> est id\u00e9al pour un bureau professionnel, il assurera modernisme, lignes \u00e9pur\u00e9es &#038; conception de qualit\u00e9. <\/p>\n<p>La coque est en polypropyl\u00e8ne, assise rembourr\u00e9e et le rev\u00eatement en cuir. Mais surtout Charles Pollock a mis\u00e9 sur une <strong>conception originale, audacieuse et ing\u00e9nieuse<\/strong>. En effet la sp\u00e9cificit\u00e9 de cette chaise est dans son <strong>\u00ab rebord \u00bb en aluminium<\/strong>, <strong>qui seul maintient toute les pi\u00e8ces de ce fauteuil<\/strong>. De plus, le m\u00e9lange cuir &#038; aluminium, rajoute une certaine prestance \u00e0 l\u2019ensemble. <\/p>\n<figure id=\"attachment_687\" aria-describedby=\"caption-attachment-687\" style=\"width: 700px\" class=\"wp-caption aligncenter\"><a href=\"https:\/\/www.simon-bureau.com\/blog\/wp\/wp-content\/uploads\/2018\/11\/Charles-Pollock-Sling-Chair-BW-700.jpg\"><img decoding=\"async\" src=\"https:\/\/www.simon-bureau.com\/blog\/wp\/wp-content\/uploads\/2018\/11\/Charles-Pollock-Sling-Chair-BW-700.jpg\" alt=\"\" width=\"700\" height=\"862\" class=\"size-full wp-image-687\" srcset=\"https:\/\/www.simon-bureau.com\/blog\/wp\/wp-content\/uploads\/2018\/11\/Charles-Pollock-Sling-Chair-BW-700.jpg 700w, https:\/\/www.simon-bureau.com\/blog\/wp\/wp-content\/uploads\/2018\/11\/Charles-Pollock-Sling-Chair-BW-700-244x300.jpg 244w\" sizes=\"(max-width: 700px) 100vw, 700px\" \/><\/a><figcaption id=\"caption-attachment-687\" class=\"wp-caption-text\">Fauteuil 657, Pollock, KNOLL<\/figcaption><\/figure>\n<h2>Le fauteuil Pollock, un embl\u00e8me de KNOLL<\/h2>\n<p>Ce tr\u00e8s c\u00e9l\u00e8bre fabricant am\u00e9ricain est une r\u00e9f\u00e9rence dans le monde du mobilier design. Depuis 1938, cette marque a acquis de l\u2019exp\u00e9rience, beaucoup de succ\u00e8s, collectionn\u00e9 les cr\u00e9ations embl\u00e9matiques.. Cette soci\u00e9t\u00e9 a \u00e9t\u00e9 con\u00e7ue par <strong>Hans Knoll<\/strong>, d\u2019origine allemande &#038; son \u00e9pouse <strong>Florence Knoll<\/strong> en<strong> 1938<\/strong>. Hans Knoll est \u00ab n\u00e9 \u00bb dans le design, fils de Walter Knoll fabricant de mobilier.<\/p>\n<p>Ils ont alors collabor\u00e9 avec les plus grands designers de cette \u00e9poque :<strong> Arne Jacobsen, Pierre Jeanneret<\/strong>\u2026. Encore aujourd\u2019hui la soci\u00e9t\u00e9 r\u00e9\u00e9dite les meilleures r\u00e9ussites du design : <strong>la chaise Wassily de Marcel Breuer, la chaise Barcelone de Ludwing Mies Van Der Rohe\u2026<\/strong><\/p>\n<p>On retrouve leurs \u0153uvres dans de nombreux mus\u00e9es du monde tel que le MoMa. <\/p>\n<p>Plus sp\u00e9cifique au mobilier de bureau professionnel, Knoll propose des incontournables en terme de design &#038; d\u2019ergonomie. <strong>Le fauteuil Life, le Sapper Richard, le Chadwick, le Pollock<\/strong>.. et bien plus encore en font partis.<\/p>\n","protected":false},"excerpt":{"rendered":"<p>Le fauteuil Pollock tient bien \u00e9videmment son nom \u00e0 son cr\u00e9ateur. Ce tr\u00e8s talentueux artiste am\u00e9ricain, a vite \u00e9t\u00e9 rep\u00e9r\u00e9 par une ic\u00f4ne dans le monde du mobilier moderne : George Nelson. Ses \u00e9tudes \u00e0 l\u2019institut de Pratt et ce contact, lui ont permis de connaitre le succ\u00e8s assez rapidement. Il finit par proposer son &hellip; <a href=\"https:\/\/www.simon-bureau.com\/blog\/charles-pollock-un-designer-inspire\/\" class=\"more-link\">Continuer la lecture de <span class=\"screen-reader-text\">Charles Pollock, un designer inspir\u00e9<\/span><\/a><\/p>\n","protected":false},"author":2,"featured_media":0,"comment_status":"closed","ping_status":"closed","sticky":false,"template":"","format":"standard","meta":{"_acf_changed":false,"footnotes":""},"categories":[9,7,10],"tags":[],"class_list":["post-683","post","type-post","status-publish","format-standard","hentry","category-ergonomie-du-fauteuil-de-bureau","category-le-mobilier-de-bureau-occasion","category-mobilier-design-et-vintage"],"acf":[],"_links":{"self":[{"href":"https:\/\/www.simon-bureau.com\/blog\/wp-json\/wp\/v2\/posts\/683","targetHints":{"allow":["GET"]}}],"collection":[{"href":"https:\/\/www.simon-bureau.com\/blog\/wp-json\/wp\/v2\/posts"}],"about":[{"href":"https:\/\/www.simon-bureau.com\/blog\/wp-json\/wp\/v2\/types\/post"}],"author":[{"embeddable":true,"href":"https:\/\/www.simon-bureau.com\/blog\/wp-json\/wp\/v2\/users\/2"}],"replies":[{"embeddable":true,"href":"https:\/\/www.simon-bureau.com\/blog\/wp-json\/wp\/v2\/comments?post=683"}],"version-history":[{"count":5,"href":"https:\/\/www.simon-bureau.com\/blog\/wp-json\/wp\/v2\/posts\/683\/revisions"}],"predecessor-version":[{"id":692,"href":"https:\/\/www.simon-bureau.com\/blog\/wp-json\/wp\/v2\/posts\/683\/revisions\/692"}],"wp:attachment":[{"href":"https:\/\/www.simon-bureau.com\/blog\/wp-json\/wp\/v2\/media?parent=683"}],"wp:term":[{"taxonomy":"category","embeddable":true,"href":"https:\/\/www.simon-bureau.com\/blog\/wp-json\/wp\/v2\/categories?post=683"},{"taxonomy":"post_tag","embeddable":true,"href":"https:\/\/www.simon-bureau.com\/blog\/wp-json\/wp\/v2\/tags?post=683"}],"curies":[{"name":"wp","href":"https:\/\/api.w.org\/{rel}","templated":true}]}}