{"id":48,"date":"2015-10-21T10:13:42","date_gmt":"2015-10-21T08:13:42","guid":{"rendered":"http:\/\/www.simon-bureau.com\/blog\/?p=48"},"modified":"2024-12-17T05:37:42","modified_gmt":"2024-12-17T04:37:42","slug":"accessibilite-2015-erp","status":"publish","type":"post","link":"https:\/\/www.simon-bureau.com\/blog\/accessibilite-2015-erp\/","title":{"rendered":"Mise aux normes accessibilit\u00e9 2015 ERP"},"content":{"rendered":"<p align=\"justify\">Depuis la loi handicap du 11 f\u00e9vrier 2005, pour l\u2019\u00e9galit\u00e9 des droits et des chances des personnes handicap\u00e9s, le paysage et les obligations des ERP, toutes cat\u00e9gories confondues, ont bien chang\u00e9.<\/p>\n<p><a href=\"http:\/\/www.simon-bureau.com\/blog\/wp\/wp-content\/uploads\/2015\/10\/Accessibilite-nouvelles-obligations-commer-ants-F.jpg\"><img fetchpriority=\"high\" decoding=\"async\" class=\"wp-image-52 alignright\" src=\"http:\/\/www.simon-bureau.com\/blog\/wp\/wp-content\/uploads\/2015\/10\/Accessibilite-nouvelles-obligations-commer-ants-F-300x200.jpg\" alt=\"Accessibilite nouvelles obligations commerces\" width=\"329\" height=\"252\" \/><\/a>10 ans apr\u00e8s, la loi d\u2019accessibilit\u00e9 ERP 2015 fait de nouveaux remous. Les commer\u00e7ants s\u2019inqui\u00e8tent des mises aux normes, les personnes \u00e0 mobilit\u00e9 r\u00e9duite r\u00e9clament leur droit \u00e0 la participation et la citoyennet\u00e9.<\/p>\n<p align=\"justify\">Au c\u0153ur de l\u2019entreprise, les employ\u00e9s\u00a0 handicap\u00e9s s\u2019adaptent \u00e0 la demande de performance et d\u2019efficacit\u00e9 professionnelle. L\u2019employeur, quant \u00e0 lui, s\u2019y retrouve souvent avec enthousiasme.<\/p>\n<p><!--more--><\/p>\n<h2>Qu\u2019est-ce qu\u2019un ERP ?<\/h2>\n<p><a href=\"http:\/\/www.simon-bureau.com\/blog\/wp\/wp-content\/uploads\/2015\/10\/normes-accessibilite-handicapes-commerces.jpg\"><img decoding=\"async\" class=\"size-medium wp-image-55 alignleft\" src=\"http:\/\/www.simon-bureau.com\/blog\/wp\/wp-content\/uploads\/2015\/10\/normes-accessibilite-handicapes-commerces-300x169.jpg\" alt=\"ERP accessibilit\u00e9 2015 restaurant\" width=\"300\" height=\"169\" srcset=\"https:\/\/www.simon-bureau.com\/blog\/wp\/wp-content\/uploads\/2015\/10\/normes-accessibilite-handicapes-commerces-300x169.jpg 300w, https:\/\/www.simon-bureau.com\/blog\/wp\/wp-content\/uploads\/2015\/10\/normes-accessibilite-handicapes-commerces.jpg 635w\" sizes=\"(max-width: 300px) 100vw, 300px\" \/><\/a>Les ERP sont des \u00e9tablissements recevant du public. Les infrastructures accueillant les usagers sont cat\u00e9goris\u00e9es en 5 sections, selon le nombre de personnes re\u00e7ues. La loi d\u2019accessibilit\u00e9 2015, concernant les ERP des 5 cat\u00e9gories !<\/p>\n<h2>Quels sont les espaces \u00e0 mettre aux normes ?<\/h2>\n<p align=\"justify\">Les commerces et leurs abords,\u00a0 les cabinets de pratiquants lib\u00e9raux, les infrastructures publiques, et plus pr\u00e9cis\u00e9ment, toute surface de r\u00e9ception : de l\u2019entr\u00e9e, au couloir, en passant par diff\u00e9rents niveaux de plancher (escaliers, ascenseurs\u2026).<\/p>\n<p align=\"justify\"><a href=\"http:\/\/www.simon-bureau.com\/blog\/wp\/wp-content\/uploads\/2015\/10\/accessibilite-erp-5-categorie.jpg\"><img decoding=\"async\" class=\"size-medium wp-image-57 alignright\" src=\"http:\/\/www.simon-bureau.com\/blog\/wp\/wp-content\/uploads\/2015\/10\/accessibilite-erp-5-categorie-300x199.jpg\" alt=\"accessibilite-erp-5eme-categorie\" width=\"300\" height=\"199\" srcset=\"https:\/\/www.simon-bureau.com\/blog\/wp\/wp-content\/uploads\/2015\/10\/accessibilite-erp-5-categorie-300x199.jpg 300w, https:\/\/www.simon-bureau.com\/blog\/wp\/wp-content\/uploads\/2015\/10\/accessibilite-erp-5-categorie.jpg 425w\" sizes=\"(max-width: 300px) 100vw, 300px\" \/><\/a>La personne handicap\u00e9e doit pouvoir se d\u00e9placer avec fluidit\u00e9 \u00e0 l\u2019horizontal comme \u00e0 la verticale, et ce, dans toute partie de l\u2019\u00e9tablissement proposant un service \u00e0 l\u2019usager.<\/p>\n<p align=\"justify\">Dans le milieu professionnel, elle doit pouvoir disposer des m\u00eames avantages que tout autre salari\u00e9, \u00e0 savoir bureau, salle de r\u00e9union, vestiaires, toilettes, salles d\u2019archives, caf\u00e9t\u00e9ria\u2026<\/p>\n<h2>Quels sont les am\u00e9nagements \u00e0 pr\u00e9voir<\/h2>\n<p align=\"justify\">A l\u2019ext\u00e9rieur, les all\u00e9es, passages de seuil, portes, parking\u2026 doivent \u00eatre \u00e9tudi\u00e9s pour la bonne circulation des personnes en fauteuil roulant, malvoyants, malentendants. Autant que faire se peut, il ne doit pas y avoir de rupture de circulation !<\/p>\n<p><a href=\"http:\/\/www.simon-bureau.com\/blog\/wp\/wp-content\/uploads\/2015\/10\/normes-accessibilite-comptoir-accueil.jpg\"><img loading=\"lazy\" decoding=\"async\" class=\"wp-image-59 aligncenter\" src=\"http:\/\/www.simon-bureau.com\/blog\/wp\/wp-content\/uploads\/2015\/10\/normes-accessibilite-comptoir-accueil-295x300.jpg\" alt=\"normes-accessibilite-comptoir-accueil\" width=\"454\" height=\"424\" \/><\/a><\/p>\n<p><a href=\"http:\/\/www.simon-bureau.com\/blog\/wp\/wp-content\/uploads\/2015\/10\/elevateur-fauteuil-roulant-erp-commerce.jpg\"><img loading=\"lazy\" decoding=\"async\" class=\"size-medium wp-image-60 alignright\" src=\"http:\/\/www.simon-bureau.com\/blog\/wp\/wp-content\/uploads\/2015\/10\/elevateur-fauteuil-roulant-erp-commerce-300x219.jpg\" alt=\"elevateur-fauteuil-roulant-erp-commerce\" width=\"300\" height=\"219\" srcset=\"https:\/\/www.simon-bureau.com\/blog\/wp\/wp-content\/uploads\/2015\/10\/elevateur-fauteuil-roulant-erp-commerce-300x219.jpg 300w, https:\/\/www.simon-bureau.com\/blog\/wp\/wp-content\/uploads\/2015\/10\/elevateur-fauteuil-roulant-erp-commerce.jpg 570w\" sizes=\"(max-width: 300px) 100vw, 300px\" \/><\/a><\/p>\n<p>A l\u2019int\u00e9rieur des ERP, des \u00e9quipements sont \u00e0 pr\u00e9voir (liste non exhaustive) :<\/p>\n<ul>\n<li>comptoir d\u2019accueil,<\/li>\n<li>bande adh\u00e9sive contrast\u00e9e,<\/li>\n<li>alarme visuelle et sonore,<\/li>\n<li>ascenseurs,<\/li>\n<li>plateformes \u00e9l\u00e9vatrices,<\/li>\n<li>rampes d\u2019acc\u00e8s,<\/li>\n<li>voies de retournement pour fauteuil roulant<\/li>\n<\/ul>\n<p>et autres dispositifs permettant \u00e0 la personnes handicap\u00e9es d\u2019acc\u00e9der plus ais\u00e9ment au service et droit de tout citoyen ou chaland.<\/p>\n<h2>Quels professionnels peuvent vous renseigner ?<\/h2>\n<p align=\"justify\"><a href=\"http:\/\/www.simon-bureau.com\/blog\/wp\/wp-content\/uploads\/2015\/10\/plateforme-rampe-erp-commerces.jpg\"><img loading=\"lazy\" decoding=\"async\" class=\"size-medium wp-image-61 alignright\" src=\"http:\/\/www.simon-bureau.com\/blog\/wp\/wp-content\/uploads\/2015\/10\/plateforme-rampe-erp-commerces-225x300.jpg\" alt=\"plateforme-rampe-erp-commerces\" width=\"225\" height=\"300\" srcset=\"https:\/\/www.simon-bureau.com\/blog\/wp\/wp-content\/uploads\/2015\/10\/plateforme-rampe-erp-commerces-225x300.jpg 225w, https:\/\/www.simon-bureau.com\/blog\/wp\/wp-content\/uploads\/2015\/10\/plateforme-rampe-erp-commerces.jpg 570w\" sizes=\"(max-width: 225px) 100vw, 225px\" \/><\/a>Pour les d\u00e9rogations : Contactez la commission consultative de s\u00e9curit\u00e9 et d\u2019accessibilit\u00e9 de votre d\u00e9partement :<br \/>\n\u2022 Pour les conseils en am\u00e9nagement ext\u00e9rieur : CAP ACCESS (http:\/\/capaccess.fr.)<br \/>\n\u2022\u00a0 Pour toute information concernant votre espace accueil, comptoir de r\u00e9ception et autres bureaux et salle de r\u00e9union, prenez contact avec nous <a href=\"http:\/\/www.simon-bureau.com\">SIMON BUREAU<\/a><br \/>\n\u2022 Minist\u00e8re de l\u2019\u00e9cologie, du d\u00e9veloppement durable et de l\u2019Economie (http:\/\/www.developpement-durable.gouv.fr\/-Accessibilite-.html )<br \/>\n\u2022\u00a0Les agendas d\u2019accessibilit\u00e9 programm\u00e9e Ad\u2019AP (<a href=\"http:\/\/accessibilite.gouv.fr\">http:\/\/accessibilite.gouv.fr<\/a>)<br \/>\n\u2022 R\u00e8glementation accessibilit\u00e9 (http:\/\/www.accessibilite-batiment.fr\/erp-situes-dans-un-cadre-bati-existant\/accueil-du-public\/arrete.html)<\/p>\n","protected":false},"excerpt":{"rendered":"<p>Depuis la loi handicap du 11 f\u00e9vrier 2005, pour l\u2019\u00e9galit\u00e9 des droits et des chances des personnes handicap\u00e9s, le paysage et les obligations des ERP, toutes cat\u00e9gories confondues, ont bien chang\u00e9. 10 ans apr\u00e8s, la loi d\u2019accessibilit\u00e9 ERP 2015 fait de nouveaux remous. Les commer\u00e7ants s\u2019inqui\u00e8tent des mises aux normes, les personnes \u00e0 mobilit\u00e9 r\u00e9duite &hellip; <a href=\"https:\/\/www.simon-bureau.com\/blog\/accessibilite-2015-erp\/\" class=\"more-link\">Continuer la lecture de <span class=\"screen-reader-text\">Mise aux normes accessibilit\u00e9 2015 ERP<\/span><\/a><\/p>\n","protected":false},"author":2,"featured_media":0,"comment_status":"closed","ping_status":"closed","sticky":false,"template":"","format":"standard","meta":{"_acf_changed":false,"footnotes":""},"categories":[5],"tags":[],"class_list":["post-48","post","type-post","status-publish","format-standard","hentry","category-laccessibilite-des-bureaux-et-commerces"],"acf":[],"_links":{"self":[{"href":"https:\/\/www.simon-bureau.com\/blog\/wp-json\/wp\/v2\/posts\/48","targetHints":{"allow":["GET"]}}],"collection":[{"href":"https:\/\/www.simon-bureau.com\/blog\/wp-json\/wp\/v2\/posts"}],"about":[{"href":"https:\/\/www.simon-bureau.com\/blog\/wp-json\/wp\/v2\/types\/post"}],"author":[{"embeddable":true,"href":"https:\/\/www.simon-bureau.com\/blog\/wp-json\/wp\/v2\/users\/2"}],"replies":[{"embeddable":true,"href":"https:\/\/www.simon-bureau.com\/blog\/wp-json\/wp\/v2\/comments?post=48"}],"version-history":[{"count":5,"href":"https:\/\/www.simon-bureau.com\/blog\/wp-json\/wp\/v2\/posts\/48\/revisions"}],"predecessor-version":[{"id":75,"href":"https:\/\/www.simon-bureau.com\/blog\/wp-json\/wp\/v2\/posts\/48\/revisions\/75"}],"wp:attachment":[{"href":"https:\/\/www.simon-bureau.com\/blog\/wp-json\/wp\/v2\/media?parent=48"}],"wp:term":[{"taxonomy":"category","embeddable":true,"href":"https:\/\/www.simon-bureau.com\/blog\/wp-json\/wp\/v2\/categories?post=48"},{"taxonomy":"post_tag","embeddable":true,"href":"https:\/\/www.simon-bureau.com\/blog\/wp-json\/wp\/v2\/tags?post=48"}],"curies":[{"name":"wp","href":"https:\/\/api.w.org\/{rel}","templated":true}]}}