{"id":156,"date":"2016-04-18T17:01:44","date_gmt":"2016-04-18T15:01:44","guid":{"rendered":"http:\/\/www.simon-bureau.com\/blog\/?p=156"},"modified":"2025-06-04T17:40:28","modified_gmt":"2025-06-04T15:40:28","slug":"le-dogme-du-bureau-ergonomique","status":"publish","type":"post","link":"https:\/\/www.simon-bureau.com\/blog\/le-dogme-du-bureau-ergonomique\/","title":{"rendered":"Le dogme du bureau ergonomique"},"content":{"rendered":"<p style=\"text-align: justify;\">\u00ab Ergonomie \u00bb est un terme issu des 2 expressions grecques \u00ab ergon \u00bb et \u00ab nomos \u00bb qui signifient respectivement \u00ab travail \u00bb et \u00ab loi \u00bb. <a href=\"http:\/\/www.simon-bureau.com\/blog\/wp\/wp-content\/uploads\/2016\/04\/ergonomie-definition.jpg\" rel=\"attachment wp-att-159\"><img fetchpriority=\"high\" decoding=\"async\" class=\"alignright size-medium wp-image-159\" src=\"http:\/\/www.simon-bureau.com\/blog\/wp\/wp-content\/uploads\/2016\/04\/ergonomie-definition-300x194.jpg\" alt=\"qu'est-ce que l'ergonomie\" width=\"300\" height=\"194\" srcset=\"https:\/\/www.simon-bureau.com\/blog\/wp\/wp-content\/uploads\/2016\/04\/ergonomie-definition-300x194.jpg 300w, https:\/\/www.simon-bureau.com\/blog\/wp\/wp-content\/uploads\/2016\/04\/ergonomie-definition.jpg 485w\" sizes=\"(max-width: 300px) 100vw, 300px\" \/><\/a><br \/>\nL\u2019ergonomie est d\u00e9finie comme l\u2019\u00e9tude scientifique des besoins n\u00e9cessaires pour que le poste de travail soit adapt\u00e9 au mieux \u00e0 l\u2019activit\u00e9 humaine.<\/p>\n<p style=\"text-align: justify;\">Les pr\u00e9misses de l\u2019ergonomie remontent \u00e0 l\u2019antiquit\u00e9 puis la renaissance ! Les conflits sociaux du 20\u00e8me si\u00e8cle permettront l\u2019essor de l\u2019ergonomie.<\/p>\n<p><a href=\"http:\/\/www.simon-bureau.com\/blog\/wp\/wp-content\/uploads\/2016\/04\/histoire-ergonomie.jpeg\" rel=\"attachment wp-att-158\"><img decoding=\"async\" class=\"wp-image-158 alignleft\" src=\"http:\/\/www.simon-bureau.com\/blog\/wp\/wp-content\/uploads\/2016\/04\/histoire-ergonomie-300x187.jpeg\" alt=\"origine de l'ergonomie\" width=\"300\" height=\"187\" srcset=\"https:\/\/www.simon-bureau.com\/blog\/wp\/wp-content\/uploads\/2016\/04\/histoire-ergonomie-300x187.jpeg 300w, https:\/\/www.simon-bureau.com\/blog\/wp\/wp-content\/uploads\/2016\/04\/histoire-ergonomie-768x479.jpeg 768w, https:\/\/www.simon-bureau.com\/blog\/wp\/wp-content\/uploads\/2016\/04\/histoire-ergonomie.jpeg 800w\" sizes=\"(max-width: 300px) 100vw, 300px\" \/><\/a><\/p>\n<p style=\"text-align: justify;\">Au c\u0153ur de l\u2019industrie fran\u00e7aise, on se pr\u00e9occupe alors des contraintes physiques subies par les travailleurs.<\/p>\n<p style=\"text-align: justify;\">Pendant l\u2019entre deux-guerres et apr\u00e8s, une attention toute particuli\u00e8re est pr\u00eat\u00e9e \u00e0 l\u2019aspect psychologique et sociologique du travail.<\/p>\n<p>&nbsp;<\/p>\n<h2>Ergonomie entre sant\u00e9 et rentabilit\u00e9 !<\/h2>\n<p style=\"text-align: justify;\"><!--more--><a href=\"https:\/\/www.simon-bureau.com\/blog\/tout-sur-fauteuil-bureau\/ergonomie-au-bureau\/\">L\u2019ergonomie se con\u00e7oit sous plusieurs angles<\/a>. Celui de l\u2019employ\u00e9 ou ouvrier, celui de l\u2019employeur, celui de la soci\u00e9t\u00e9 civile, responsable de la sant\u00e9 publique.<\/p>\n<p style=\"text-align: justify;\">Si l\u2019ergonomie est n\u00e9e, c\u2019est que les enjeux y sont av\u00e9r\u00e9s ! <a href=\"http:\/\/www.simon-bureau.com\/blog\/wp\/wp-content\/uploads\/2016\/04\/bureau-ergonomique.jpg\" rel=\"attachment wp-att-163\"><img decoding=\"async\" class=\"alignright size-medium wp-image-163\" src=\"http:\/\/www.simon-bureau.com\/blog\/wp\/wp-content\/uploads\/2016\/04\/bureau-ergonomique-300x219.jpg\" alt=\"Bureau adapt\u00e9 efficacit\u00e9\" width=\"300\" height=\"219\" srcset=\"https:\/\/www.simon-bureau.com\/blog\/wp\/wp-content\/uploads\/2016\/04\/bureau-ergonomique-300x219.jpg 300w, https:\/\/www.simon-bureau.com\/blog\/wp\/wp-content\/uploads\/2016\/04\/bureau-ergonomique.jpg 525w\" sizes=\"(max-width: 300px) 100vw, 300px\" \/><\/a>Pourquoi prendre en compte le confort du personnel, si ce n\u2019est pour en retirer les fruits juteux de la productivit\u00e9 ?<\/p>\n<p style=\"text-align: justify;\">Plusieurs \u00e9tudes scientifiques r\u00e9centes mettent en exergue l\u2019ind\u00e9niable constat que le confort de travail acc\u00e9l\u00e8re et d\u00e9cuple les performances des utilisateurs.<\/p>\n<h3>Et les employ\u00e9s de bureau ?<\/h3>\n<p style=\"text-align: justify;\">Good bye aux pr\u00e9jug\u00e9s arri\u00e9r\u00e9s : Ce n\u2019est pas parce que vous dotez l\u2019assistante commerciale d\u2019un fauteuil ergonomique, qu\u2019elle s\u2019endormira sur sa chaise !<\/p>\n<p style=\"text-align: justify;\">Au bureau, m\u00eame si l\u2019effort physique n\u2019est pas p\u00e9nible, la station assise et certains gestes r\u00e9p\u00e9t\u00e9s peuvent \u00eatre source de maux r\u00e9currents.<\/p>\n<p><a href=\"http:\/\/www.simon-bureau.com\/blog\/wp\/wp-content\/uploads\/2016\/04\/lombalgie-bureau-ergonomie.jpg\" rel=\"attachment wp-att-160\"><img loading=\"lazy\" decoding=\"async\" class=\"alignleft size-medium wp-image-160\" src=\"http:\/\/www.simon-bureau.com\/blog\/wp\/wp-content\/uploads\/2016\/04\/lombalgie-bureau-ergonomie-300x225.jpg\" alt=\"Douleurs dos bureau\" width=\"300\" height=\"225\" \/><\/a><\/p>\n<p style=\"text-align: justify;\">La carence ergonomique peut se r\u00e9v\u00e9ler co\u00fbteuse en efficience et en absence r\u00e9p\u00e9t\u00e9e.<\/p>\n<p style=\"text-align: justify;\">Exemple : Mauvais fauteuils = probl\u00e8me de dos = lombalgies, dorsalgies \u00e0 r\u00e9p\u00e9tition = arr\u00eats de travail successifs.<br \/>\nRappelons que la colonne vert\u00e9brale nous porte toute la journ\u00e9e ! Le confort sacrifi\u00e9 sur l\u2019autel des \u00e9conomies est un tr\u00e8s mauvais calcul !<\/p>\n<h2>Un bureau ergonomique, c\u2019est vital !<\/h2>\n<p style=\"text-align: justify;\">Pour ceux et celles qui voudrait se tuer au travail, je vous conseille un \u00e9quipement ergonomique pas cher = la CORDE !\u00a0<a href=\"http:\/\/www.simon-bureau.com\/blog\/wp\/wp-content\/uploads\/2016\/04\/mort-ou-ergonomie.jpg\" rel=\"attachment wp-att-157\"><img loading=\"lazy\" decoding=\"async\" class=\"size-medium wp-image-157 alignright\" src=\"http:\/\/www.simon-bureau.com\/blog\/wp\/wp-content\/uploads\/2016\/04\/mort-ou-ergonomie-300x199.jpg\" alt=\"Mal \u00eatre au bureau\" width=\"300\" height=\"199\" srcset=\"https:\/\/www.simon-bureau.com\/blog\/wp\/wp-content\/uploads\/2016\/04\/mort-ou-ergonomie-300x199.jpg 300w, https:\/\/www.simon-bureau.com\/blog\/wp\/wp-content\/uploads\/2016\/04\/mort-ou-ergonomie-768x510.jpg 768w, https:\/\/www.simon-bureau.com\/blog\/wp\/wp-content\/uploads\/2016\/04\/mort-ou-ergonomie.jpg 850w\" sizes=\"(max-width: 300px) 100vw, 300px\" \/><\/a><\/p>\n<p style=\"text-align: justify;\">S\u00e9rieusement, si vous souhaitez travailler en apportant votre pierre \u00e0 l\u2019\u00e9difice\u2026. Un minimum d\u2019ergonomie vous \u00e9vitera une dose l\u00e9tale de mal-\u00eatre insidieux !<br \/>\nL\u2019ergonomie vient lever les freins \u00e0 la contre-performance. Au bureau, 4 maux sont facilement identifiables et r\u00e9solvables :<\/p>\n<p>&nbsp;<\/p>\n<table>\n<tbody>\n<tr>\n<td width=\"302\"><strong>Situation d\u00e9l\u00e9t\u00e8re<\/strong><\/p>\n<p>&nbsp;<\/td>\n<td width=\"302\"><strong>Solution ou \u00e9quipement pr\u00e9conis\u00e9<\/strong><\/p>\n<p>&nbsp;<\/td>\n<\/tr>\n<tr>\n<td width=\"302\">Mal de dos<\/p>\n<p>&nbsp;<\/td>\n<td width=\"302\">Assise synchronis\u00e9e, enveloppante mais permettant une libert\u00e9 de mouvement importante, r\u00e9glage de l\u2019assise selon le plan de travail, r\u00e9glage des accoudoirs, des supports d\u2019\u00e9cran, &#8230;<\/p>\n<p>&nbsp;<\/td>\n<\/tr>\n<tr>\n<td width=\"302\">Mal aux yeux<\/p>\n<p>&nbsp;<\/td>\n<td width=\"302\">Lumi\u00e8re suffisante, et\/ou \u00e0 \u00e9clairage indirect, avec r\u00e9glage d\u2019intensit\u00e9. R\u00e9glage support d\u2019\u00e9cran, &#8230;<\/p>\n<p>&nbsp;<\/td>\n<\/tr>\n<tr>\n<td width=\"302\">Bruit sp\u00e9cifique au bureau<\/p>\n<p>&nbsp;<\/td>\n<td width=\"302\">Mise en place de solutions acoustiques (cloisonnettes, cloisons ou panneaux muraux phoniques, casques \u2026)<\/p>\n<p>&nbsp;<\/td>\n<\/tr>\n<tr>\n<td width=\"302\">Air vici\u00e9, peu a\u00e9r\u00e9<\/p>\n<p>&nbsp;<\/td>\n<td width=\"302\">Ventilation, purificateur d\u2019air professionnel<\/p>\n<p>&nbsp;<\/td>\n<\/tr>\n<\/tbody>\n<\/table>\n<p><a href=\"http:\/\/www.simon-bureau.com\/blog\/wp\/wp-content\/uploads\/2016\/04\/conseils-ergonome-bureau.jpg\" rel=\"attachment wp-att-162\"><img loading=\"lazy\" decoding=\"async\" class=\"size-medium wp-image-162 alignleft\" src=\"http:\/\/www.simon-bureau.com\/blog\/wp\/wp-content\/uploads\/2016\/04\/conseils-ergonome-bureau-300x200.jpg\" alt=\"Avis ergonome bureau\" width=\"300\" height=\"200\" srcset=\"https:\/\/www.simon-bureau.com\/blog\/wp\/wp-content\/uploads\/2016\/04\/conseils-ergonome-bureau-300x200.jpg 300w, https:\/\/www.simon-bureau.com\/blog\/wp\/wp-content\/uploads\/2016\/04\/conseils-ergonome-bureau-768x513.jpg 768w, https:\/\/www.simon-bureau.com\/blog\/wp\/wp-content\/uploads\/2016\/04\/conseils-ergonome-bureau-1024x683.jpg 1024w, https:\/\/www.simon-bureau.com\/blog\/wp\/wp-content\/uploads\/2016\/04\/conseils-ergonome-bureau.jpg 1296w\" sizes=\"(max-width: 300px) 100vw, 300px\" \/><\/a><\/p>\n<p style=\"text-align: justify;\">Le co\u00fbt des solutions reste relativement minime, au vu du surcro\u00eet d\u2019efficacit\u00e9 observ\u00e9 apr\u00e8s r\u00e9solution des probl\u00e8mes de fond.<\/p>\n<p style=\"text-align: justify;\">Si vous avez un budget serr\u00e9, il est possible de s\u2019\u00e9quiper en mobilier et \u00e9quipement de seconde main.<\/p>\n<p style=\"text-align: justify;\">Attention, toutefois aux meubles d\u2019occasion qui comprennent plusieurs niveaux d\u2019\u00e9tat !<\/p>\n","protected":false},"excerpt":{"rendered":"<p>\u00ab Ergonomie \u00bb est un terme issu des 2 expressions grecques \u00ab ergon \u00bb et \u00ab nomos \u00bb qui signifient respectivement \u00ab travail \u00bb et \u00ab loi \u00bb. L\u2019ergonomie est d\u00e9finie comme l\u2019\u00e9tude scientifique des besoins n\u00e9cessaires pour que le poste de travail soit adapt\u00e9 au mieux \u00e0 l\u2019activit\u00e9 humaine. Les pr\u00e9misses de l\u2019ergonomie remontent &hellip; <a href=\"https:\/\/www.simon-bureau.com\/blog\/le-dogme-du-bureau-ergonomique\/\" class=\"more-link\">Continuer la lecture de <span class=\"screen-reader-text\">Le dogme du bureau ergonomique<\/span><\/a><\/p>\n","protected":false},"author":2,"featured_media":0,"comment_status":"closed","ping_status":"closed","sticky":false,"template":"","format":"standard","meta":{"_acf_changed":false,"footnotes":""},"categories":[13],"tags":[],"class_list":["post-156","post","type-post","status-publish","format-standard","hentry","category-un-bureau-ergonomique"],"acf":[],"_links":{"self":[{"href":"https:\/\/www.simon-bureau.com\/blog\/wp-json\/wp\/v2\/posts\/156","targetHints":{"allow":["GET"]}}],"collection":[{"href":"https:\/\/www.simon-bureau.com\/blog\/wp-json\/wp\/v2\/posts"}],"about":[{"href":"https:\/\/www.simon-bureau.com\/blog\/wp-json\/wp\/v2\/types\/post"}],"author":[{"embeddable":true,"href":"https:\/\/www.simon-bureau.com\/blog\/wp-json\/wp\/v2\/users\/2"}],"replies":[{"embeddable":true,"href":"https:\/\/www.simon-bureau.com\/blog\/wp-json\/wp\/v2\/comments?post=156"}],"version-history":[{"count":6,"href":"https:\/\/www.simon-bureau.com\/blog\/wp-json\/wp\/v2\/posts\/156\/revisions"}],"predecessor-version":[{"id":1036,"href":"https:\/\/www.simon-bureau.com\/blog\/wp-json\/wp\/v2\/posts\/156\/revisions\/1036"}],"wp:attachment":[{"href":"https:\/\/www.simon-bureau.com\/blog\/wp-json\/wp\/v2\/media?parent=156"}],"wp:term":[{"taxonomy":"category","embeddable":true,"href":"https:\/\/www.simon-bureau.com\/blog\/wp-json\/wp\/v2\/categories?post=156"},{"taxonomy":"post_tag","embeddable":true,"href":"https:\/\/www.simon-bureau.com\/blog\/wp-json\/wp\/v2\/tags?post=156"}],"curies":[{"name":"wp","href":"https:\/\/api.w.org\/{rel}","templated":true}]}}